{"id":343,"date":"2026-08-28T06:40:07","date_gmt":"2026-08-28T04:40:07","guid":{"rendered":"https:\/\/internettudakozo.hu\/?p=343"},"modified":"2026-08-28T06:40:07","modified_gmt":"2026-08-28T04:40:07","slug":"alberlet-befogado-nyilatkozat","status":"publish","type":"post","link":"https:\/\/internettudakozo.hu\/alberlet-befogado-nyilatkozat\/","title":{"rendered":"Az alb\u00e9rlet befogad\u00f3 nyilatkozat szab\u00e1lyai \u00e9s a lakc\u00edmbejelent\u00e9s folyamata"},"content":{"rendered":"\n<p class=\"wp-block-paragraph\">\u00daj lak\u00f3helyre k\u00f6lt\u00f6z\u00e9skor az egyik legfontosabb k\u00f6zigazgat\u00e1si feladat a lakc\u00edm rendez\u00e9se. A hat\u00e1lyos jogszab\u00e1lyok alapj\u00e1n minden \u00e1llampolg\u00e1r k\u00f6teles a t\u00e9nyleges \u00e9letvitelszer\u0171 lak\u00f3hely\u00e9t bejelenteni a hat\u00f3s\u00e1gokn\u00e1l. Az alb\u00e9rleti jogviszonyokban azonban ez a folyamat gyakran okoz f\u00e9lre\u00e9rt\u00e9seket a b\u00e9rl\u0151k \u00e9s a b\u00e9rbead\u00f3k k\u00f6z\u00f6tt.<\/p>\n\n\n\n<h2 class=\"wp-block-heading\">Mire kell a befogad\u00f3 nyilatkozat?<\/h2>\n\n\n\n<p class=\"wp-block-paragraph\">A befogad\u00f3 nyilatkozat egy olyan \u00edr\u00e1sos mag\u00e1nokirat, amellyel az ingatlan haszn\u00e1lat\u00e1ra jogosult szem\u00e9ly hozz\u00e1j\u00e1rul ahhoz, hogy a bek\u00f6lt\u00f6z\u0151 szem\u00e9ly az adott ingatlant lak\u00f3helyek\u00e9nt vagy tart\u00f3zkod\u00e1si helyek\u00e9nt bejelentse. A dokumentum els\u0151dleges jogi funkci\u00f3ja a lakhat\u00e1s jogszer\u0171s\u00e9g\u00e9nek igazol\u00e1sa a hat\u00f3s\u00e1gok fel\u00e9. Erre az igazol\u00e1sra leggyakrabban akkor van sz\u00fcks\u00e9g, ha a felek k\u00f6z\u00f6tt nem j\u00f6tt l\u00e9tre \u00edr\u00e1sos b\u00e9rleti szerz\u0151d\u00e9s \u2013 p\u00e9ld\u00e1ul rokonok vagy ismer\u0151s\u00f6k k\u00f6z\u00f6tti sz\u00edvess\u00e9gi lak\u00e1shaszn\u00e1lat eset\u00e9n \u2013, vagy ha k\u00fcl\u00f6n\u00e1ll\u00f3 hat\u00f3s\u00e1gi elj\u00e1r\u00e1s \u00edrja el\u0151 a dokumentum csatol\u00e1s\u00e1t.<\/p>\n\n\n\n<p class=\"wp-block-paragraph\">K\u00fcl\u00f6nleges szab\u00e1lyok vonatkoznak azokra az ingatlanokra, amelyeknek t\u00f6bb tulajdonosa van, vagy amelyeken haszon\u00e9lvezeti jog \u00e1ll fenn. Haszon\u00e9lvezet eset\u00e9n a tulajdonos hozz\u00e1j\u00e1rul\u00e1sa \u00f6nmag\u00e1ban nem elegend\u0151; a jogszab\u00e1lyok \u00e9rtelm\u00e9ben kiz\u00e1r\u00f3lag a haszon\u00e9lvez\u0151 jogosult a befogad\u00f3 nyilatkozat megad\u00e1s\u00e1ra, hiszen \u0151 gyakorolja az ingatlan haszn\u00e1lat\u00e1nak \u00e9s hasznos\u00edt\u00e1s\u00e1nak jog\u00e1t. Ha viszont az ingatlan t\u00f6bb szem\u00e9ly k\u00f6z\u00f6s tulajdon\u00e1ban van, sz\u00e1ll\u00e1sad\u00f3k\u00e9nt az egyik tulajdonost\u00e1rs hozz\u00e1j\u00e1rul\u00e1sa is elegend\u0151 a lakc\u00edmbejelent\u00e9shez, \u00edgy nem sz\u00fcks\u00e9ges valamennyi tulajdonost\u00e1rs al\u00e1\u00edr\u00e1sa.<\/p>\n\n\n\n<h2 class=\"wp-block-heading\">Alb\u00e9rlet: lakc\u00edmk\u00e1rtya kiv\u00e1lt\u00e1sa \u00e9s a lakc\u00edmbejelent\u00e9s l\u00e9p\u00e9sei<\/h2>\n\n\n\n<p class=\"wp-block-paragraph\">Az alb\u00e9rlet lakc\u00edmk\u00e1rtya ig\u00e9nyl\u00e9se \u00e9s a lakc\u00edmbejelent\u00e9s folyamata a hat\u00e1lyos jogszab\u00e1lyok \u00e9rtelm\u00e9ben teljesen d\u00edjmentes. Az elj\u00e1r\u00e1s c\u00e9lja, hogy a hat\u00f3s\u00e1gi nyilv\u00e1ntart\u00e1sban a val\u00f3s\u00e1gnak megfelel\u0151 adatok szerepeljenek, ami az alapvet\u0151 lakoss\u00e1gi szolg\u00e1ltat\u00e1sok ig\u00e9nybev\u00e9tel\u00e9hez \u2013 mint az eg\u00e9szs\u00e9g\u00fcgyi ell\u00e1t\u00e1s vagy az iskolai be\u00edrat\u00e1s \u2013, valamint a v\u00e1laszt\u00f3jog gyakorl\u00e1s\u00e1hoz is elengedhetetlen.<\/p>\n\n\n\n<p class=\"wp-block-paragraph\">A lakc\u00edmbejelent\u00e9s elv\u00e9gz\u00e9s\u00e9re k\u00e9t hivatalos csatorna \u00e1ll rendelkez\u00e9sre:<\/p>\n\n\n\n<ul class=\"wp-block-list\">\n<li><strong>Szem\u00e9lyes \u00fcgyint\u00e9z\u00e9s a Korm\u00e1nyablakban:<\/strong> A k\u00e9relmez\u0151 a helysz\u00ednen kit\u00f6lt\u00f6tt \u00e9s al\u00e1\u00edrt lakc\u00edmbejelent\u0151 lappal kezdem\u00e9nyezheti az elj\u00e1r\u00e1st. Ha a sz\u00e1ll\u00e1sad\u00f3 nem jelenik meg szem\u00e9lyesen, a bejelent\u0151lapon szerepelnie kell a tulajdonos vagy haszon\u00e9lvez\u0151 saj\u00e1t kez\u0171 al\u00e1\u00edr\u00e1s\u00e1nak, vagy csatolni kell a k\u00fcl\u00f6n\u00e1ll\u00f3, \u00e9rv\u00e9nyes befogad\u00f3 nyilatkozatot.<\/li>\n\n\n\n<li><strong>Elektronikus \u00fcgyint\u00e9z\u00e9s a Webes \u00dcgyseg\u00e9d fel\u00fclet\u00e9n:<\/strong> Amennyiben az ingatlan tulajdonosa rendelkezik \u00fcgyf\u00e9lkapus regisztr\u00e1ci\u00f3val, az elektronikus fel\u00fcleten el\u0151zetesen is megadhatja a hozz\u00e1j\u00e1rul\u00e1st. Ezt k\u00f6vet\u0151en a b\u00e9rl\u0151 online is elind\u00edthatja a folyamatot, amelyet a rendszer automatikusan \u00f6sszekapcsol a tulajdonosi j\u00f3v\u00e1hagy\u00e1ssal.<\/li>\n<\/ul>\n\n\n\n<p class=\"wp-block-paragraph\">A sikeres \u00fcgyint\u00e9z\u00e9shez az al\u00e1bbi dokumentumok bemutat\u00e1sa sz\u00fcks\u00e9ges:<\/p>\n\n\n\n<ul class=\"wp-block-list\">\n<li>Szem\u00e9lyazonos\u00edt\u00f3 okm\u00e1ny (szem\u00e9lyi igazolv\u00e1ny, \u00fatlev\u00e9l vagy vezet\u0151i enged\u00e9ly) \u00e9s lakc\u00edmk\u00e1rtya.<\/li>\n\n\n\n<li>Hi\u00e1nytalanul kit\u00f6lt\u00f6tt lakc\u00edmbejelent\u0151 lap vagy teljes bizony\u00edt\u00f3 erej\u0171 b\u00e9rleti szerz\u0151d\u00e9s.<\/li>\n\n\n\n<li>Tulajdonosi vagy haszon\u00e9lvez\u0151i hozz\u00e1j\u00e1rul\u00e1s (befogad\u00f3 nyilatkozat), amennyiben a b\u00e9rleti szerz\u0151d\u00e9s nem tartalmazza azt.<\/li>\n<\/ul>\n\n\n\n<h2 class=\"wp-block-heading\">A b\u00e9rleti szerz\u0151d\u00e9s \u00e9s a k\u00fcl\u00f6n\u00e1ll\u00f3 hozz\u00e1j\u00e1rul\u00e1s kapcsolata<\/h2>\n\n\n\n<p class=\"wp-block-paragraph\">A lakoss\u00e1gi \u00fcgyint\u00e9z\u00e9s sor\u00e1n az egyik leggyakoribb t\u00e9vhit, hogy a lakc\u00edmbejelent\u00e9shez minden esetben k\u00fcl\u00f6n megfogalmazott befogad\u00f3 nyilatkozatra van sz\u00fcks\u00e9g. A k\u00f6zigazgat\u00e1si elj\u00e1r\u00e1si szab\u00e1lyok szerint a teljes bizony\u00edt\u00f3 erej\u0171 mag\u00e1nokiratba foglalt b\u00e9rleti szerz\u0151d\u00e9s teljes m\u00e9rt\u00e9kben helyettes\u00edti a k\u00fcl\u00f6n\u00e1ll\u00f3 tulajdonosi hozz\u00e1j\u00e1rul\u00e1st. Ez azt jelenti, hogy ha a b\u00e9rleti szerz\u0151d\u00e9st a felek k\u00e9t tan\u00fa jelenl\u00e9t\u00e9ben \u00edrt\u00e1k al\u00e1, vagy azt k\u00f6zjegyz\u0151 foglalta okiratba, a b\u00e9rl\u0151 a szerz\u0151d\u00e9s bemutat\u00e1s\u00e1val a tulajdonos k\u00fcl\u00f6n jelenl\u00e9te vagy k\u00fcl\u00f6n al\u00e1\u00edrt nyilatkozata n\u00e9lk\u00fcl is jogosult a lakc\u00edm bejelent\u00e9s\u00e9re.<\/p>\n\n\n\n<figure class=\"wp-block-image size-large\"><img loading=\"lazy\" decoding=\"async\" width=\"1200\" height=\"798\" src=\"https:\/\/internettudakozo.hu\/wp-content\/uploads\/2026\/08\/alberlet-lakcimkartya.jpg\" alt=\"Alb\u00e9rlethez kell nekem lakc\u00edmk\u00e1rtya?\" class=\"wp-image-342\" srcset=\"https:\/\/internettudakozo.hu\/wp-content\/uploads\/2026\/08\/alberlet-lakcimkartya.jpg 1200w, https:\/\/internettudakozo.hu\/wp-content\/uploads\/2026\/08\/alberlet-lakcimkartya-300x200.jpg 300w, https:\/\/internettudakozo.hu\/wp-content\/uploads\/2026\/08\/alberlet-lakcimkartya-1024x681.jpg 1024w, https:\/\/internettudakozo.hu\/wp-content\/uploads\/2026\/08\/alberlet-lakcimkartya-768x511.jpg 768w\" sizes=\"auto, (max-width: 1200px) 100vw, 1200px\" \/><\/figure>\n\n\n\n<p class=\"wp-block-paragraph\">A b\u00e9rleti jogviszonyok vil\u00e1g\u00e1ban l\u00e9tezik a befogad\u00f3 nyilatkozatnak egy m\u00e1sfajta, speci\u00e1lis t\u00edpusa is, amely els\u0151sorban a gyermekes csal\u00e1dok b\u00e9rl\u0151k\u00e9nt t\u00f6rt\u00e9n\u0151 megjelen\u00e9sekor ker\u00fcl el\u0151t\u00e9rbe. Sz\u00e1mos b\u00e9rbead\u00f3 tart att\u00f3l, hogy a kiskor\u00fa gyermeket nevel\u0151 csal\u00e1dok eset\u00e9ben egy esetleges fizet\u00e9sk\u00e9ptelens\u00e9g vagy szerz\u0151d\u00e9sszeg\u00e9s sor\u00e1n a kik\u00f6lt\u00f6ztet\u00e9s jogilag rendk\u00edv\u00fcl bonyolultt\u00e1 \u00e9s id\u0151ig\u00e9nyess\u00e9 v\u00e1lik.<\/p>\n\n\n\n<p class=\"wp-block-paragraph\">Ennek a kock\u00e1zatnak a kezel\u00e9s\u00e9re a b\u00e9rbead\u00f3k gyakran k\u00e9rnek egy harmadik f\u00e9l \u2013 \u00e1ltal\u00e1ban egy k\u00f6zeli hozz\u00e1tartoz\u00f3, p\u00e9ld\u00e1ul a nagysz\u00fcl\u0151 \u2013 \u00e1ltal al\u00e1\u00edrt befogad\u00e1si sz\u00e1nd\u00e9knyilatkozatot. Ebben a nyilatkozattev\u0151 igazolja saj\u00e1t ingatlantulajdon\u00e1t, \u00e9s v\u00e1llalja, hogy a b\u00e9rleti jogviszony megsz\u0171n\u00e9se eset\u00e9n a b\u00e9rl\u0151t \u00e9s a kiskor\u00fa gyermekeket a saj\u00e1t ingatlan\u00e1ba azonnal befogadja. Ez a garanci\u00e1lis okirat nem a hat\u00f3s\u00e1gi lakc\u00edmbejelent\u00e9st szolg\u00e1lja, hanem a b\u00e9rbead\u00f3 jogi \u00e9s anyagi biztons\u00e1g\u00e1t n\u00f6veli.<\/p>\n\n\n\n<h2 class=\"wp-block-heading\">A befogad\u00f3 nyilatkozat k\u00f6telez\u0151 tartalmi elemei<\/h2>\n\n\n\n<p class=\"wp-block-paragraph\">Ahhoz, hogy a hat\u00f3s\u00e1g a pap\u00edralap\u00fa befogad\u00f3 nyilatkozatot elfogadja, az okiratnak meg kell felelnie a teljes bizony\u00edt\u00f3 erej\u0171 mag\u00e1nokirat alaki \u00e9s tartalmi k\u00f6vetelm\u00e9nyeinek. A hi\u00e1nyosan vagy pontatlanul ki\u00e1ll\u00edtott nyilatkozatot a Korm\u00e1nyablak \u00fcgyint\u00e9z\u0151i visszautas\u00edthatj\u00e1k.<\/p>\n\n\n\n<p class=\"wp-block-paragraph\">A befogad\u00f3 nyilatkozat k\u00f6telez\u0151 tartalmi elemei a k\u00f6vetkez\u0151k:<\/p>\n\n\n\n<ul class=\"wp-block-list\">\n<li><strong>A nyilatkozattev\u0151 adatainak pontos r\u00f6gz\u00edt\u00e9se:<\/strong> A tulajdonos vagy haszon\u00e9lvez\u0151 neve, sz\u00fclet\u00e9si neve, sz\u00fclet\u00e9si helye \u00e9s ideje, anyja neve, valamint szem\u00e9lyazonos\u00edt\u00f3 okm\u00e1ny\u00e1nak sz\u00e1ma.<\/li>\n\n\n\n<li><strong>A befogadott szem\u00e9ly vagy szem\u00e9lyek adatai:<\/strong> A bejelentkez\u0151 b\u00e9rl\u0151 \u00e9s a vele k\u00f6lt\u00f6z\u0151 szem\u00e9lyek teljes azonos\u00edt\u00f3 adatai.<\/li>\n\n\n\n<li><strong>Az ingatlan egy\u00e9rtelm\u0171 azonos\u00edt\u00e1sa:<\/strong> Az ingatlan pontos c\u00edme \u00e9s helyrajzi sz\u00e1ma (HRSZ).<\/li>\n\n\n\n<li><strong>A hozz\u00e1j\u00e1rul\u00f3 nyilatkozat kifejezett megfogalmaz\u00e1sa:<\/strong> Egy\u00e9rtelm\u0171 kijelent\u00e9s arr\u00f3l, hogy a tulajdonos enged\u00e9lyezi az ingatlan lak\u00f3helyk\u00e9nt vagy tart\u00f3zkod\u00e1si helyk\u00e9nt t\u00f6rt\u00e9n\u0151 haszn\u00e1lat\u00e1t \u00e9s bejelent\u00e9s\u00e9t.<\/li>\n\n\n\n<li><strong>Kelt \u00e9s al\u00e1\u00edr\u00e1s:<\/strong> A dokumentum ki\u00e1ll\u00edt\u00e1s\u00e1nak helye, ideje \u00e9s a nyilatkozattev\u0151 saj\u00e1t kez\u0171 al\u00e1\u00edr\u00e1sa.<\/li>\n<\/ul>\n\n\n\n<p class=\"wp-block-paragraph\">A teljes bizony\u00edt\u00f3 er\u0151 biztos\u00edt\u00e1s\u00e1hoz elengedhetetlen, hogy a dokumentumot a nyilatkozattev\u0151 saj\u00e1t kez\u0171leg \u00edrja \u00e9s al\u00e1\u00edrja, vagy k\u00e9t tan\u00fa el\u0151tt \u00edrja al\u00e1. A tan\u00faknak a dokumentumon fel kell t\u00fcntetni\u00fck a nev\u00fcket, lakc\u00edm\u00fcket \u00e9s saj\u00e1t kez\u0171 al\u00e1\u00edr\u00e1sukkal kell igazolniuk a nyilatkozat megt\u00e9tel\u00e9t. Alternat\u00edv megold\u00e1sk\u00e9nt a nyilatkozaton l\u00e9v\u0151 al\u00e1\u00edr\u00e1s k\u00f6zjegyz\u0151 \u00e1ltal is hiteles\u00edttethet\u0151.<\/p>\n\n\n\n<h2 class=\"wp-block-heading\">A volt lak\u00f3 kijelent\u00e9se a lak\u00e1sb\u00f3l a b\u00e9rleti jogviszony megsz\u0171n\u00e9se ut\u00e1n<\/h2>\n\n\n\n<p class=\"wp-block-paragraph\">A b\u00e9rbead\u00f3k k\u00f6r\u00e9ben elterjedt f\u00e9lelem, hogy a lakc\u00edmbejelent\u00e9s enged\u00e9lyez\u00e9s\u00e9vel a volt lak\u00f3 kijelent\u00e9se a lak\u00e1sb\u00f3l neh\u00e9zkess\u00e9 v\u00e1lik, illetve a b\u00e9rl\u0151 b\u00e1rmilyen tulajdonjogi vagy felmondhatatlan lak\u00e1shaszn\u00e1lati jogot szerez. Ez a felt\u00e9telez\u00e9s jogilag alaptalan. A lakc\u00edmbejelent\u00e9s kiz\u00e1r\u00f3lag egy k\u00f6zigazgat\u00e1si t\u00e9nyt r\u00f6gz\u00edt, \u00e9s nem keletkeztet vagy m\u00f3dos\u00edt vagyoni, illetve lak\u00e1shaszn\u00e1lati jogokat. Az ingatlan haszn\u00e1lat\u00e1nak alapja a b\u00e9rleti szerz\u0151d\u00e9s, nem pedig a lakc\u00edmk\u00e1rtya megl\u00e9te.<\/p>\n\n\n\n<p class=\"wp-block-paragraph\">Ha a b\u00e9rleti jogviszony megsz\u0171nik, \u00e9s a volt b\u00e9rl\u0151 a kik\u00f6lt\u00f6z\u00e9st k\u00f6vet\u0151en nem tesz eleget a kijelentkez\u00e9si k\u00f6telezetts\u00e9g\u00e9nek, a tulajdonosnak nem kell tartania az elh\u00faz\u00f3d\u00f3 jogi proced\u00far\u00e1kt\u00f3l. Az ingatlan tulajdonosa a helyileg illet\u00e9kes Korm\u00e1nyhivataln\u00e1l kezdem\u00e9nyezheti a fiktiv\u00e1l\u00e1si elj\u00e1r\u00e1st, m\u00e1s n\u00e9ven a k\u00e9nyszerkijelent\u00e9st.<\/p>\n\n\n\n<p class=\"wp-block-paragraph\">A fiktiv\u00e1l\u00e1si elj\u00e1r\u00e1s menet\u00e9nek f\u0151bb jellemz\u0151i:<\/p>\n\n\n\n<ul class=\"wp-block-list\">\n<li>Az elj\u00e1r\u00e1s a tulajdonos sz\u00e1m\u00e1ra teljesen d\u00edj- \u00e9s illet\u00e9kmentes.<\/li>\n\n\n\n<li>A tulajdonosnak igazolnia kell az ingatlan feletti rendelkez\u00e9si jog\u00e1t (tulajdoni lappal vagy ad\u00e1sv\u00e9teli szerz\u0151d\u00e9ssel), valamint azt, hogy a volt lak\u00f3 m\u00e1r nem \u00e9l az ingatlanban \u00e9s a b\u00e9rleti jogviszony megsz\u0171nt.<\/li>\n\n\n\n<li>A hat\u00f3s\u00e1g megvizsg\u00e1lja a k\u00e9relmet, \u00e9s amennyiben meg\u00e1llap\u00edtja, hogy a bejelentett szem\u00e9ly t\u00e9nylegesen nem lakik a megadott c\u00edmen, a lakc\u00edmet fikt\u00edvv\u00e9 nyilv\u00e1n\u00edtja \u00e9s t\u00f6rli a nyilv\u00e1ntart\u00e1sb\u00f3l.<\/li>\n<\/ul>\n\n\n\n<p class=\"wp-block-paragraph\">Ez az elj\u00e1r\u00e1si rend teljes v\u00e9delmet ny\u00fajt a b\u00e9rbead\u00f3nak arra az esetre, ha a volt b\u00e9rl\u0151 a kik\u00f6lt\u00f6z\u00e9s ut\u00e1n mulasztan\u00e1 el a lakc\u00edmadatai friss\u00edt\u00e9s\u00e9t.<\/p>\n","protected":false},"excerpt":{"rendered":"<p>\u00daj lak\u00f3helyre k\u00f6lt\u00f6z\u00e9skor az egyik legfontosabb k\u00f6zigazgat\u00e1si feladat a lakc\u00edm rendez\u00e9se. A hat\u00e1lyos jogszab\u00e1lyok alapj\u00e1n\u2026<\/p>\n","protected":false},"author":1,"featured_media":341,"comment_status":"closed","ping_status":"closed","sticky":false,"template":"","format":"standard","meta":{"footnotes":""},"categories":[8],"tags":[11,20,21,22,12,13,14,15,16,17,18,19],"class_list":["post-343","post","type-post","status-publish","format-standard","has-post-thumbnail","hentry","category-jogok-es-lehetosegek","tag-11","tag-20","tag-21","tag-22","tag-12","tag-13","tag-14","tag-15","tag-16","tag-17","tag-18","tag-19"],"_links":{"self":[{"href":"https:\/\/internettudakozo.hu\/?rest_route=\/wp\/v2\/posts\/343","targetHints":{"allow":["GET"]}}],"collection":[{"href":"https:\/\/internettudakozo.hu\/?rest_route=\/wp\/v2\/posts"}],"about":[{"href":"https:\/\/internettudakozo.hu\/?rest_route=\/wp\/v2\/types\/post"}],"author":[{"embeddable":true,"href":"https:\/\/internettudakozo.hu\/?rest_route=\/wp\/v2\/users\/1"}],"replies":[{"embeddable":true,"href":"https:\/\/internettudakozo.hu\/?rest_route=%2Fwp%2Fv2%2Fcomments&post=343"}],"version-history":[{"count":2,"href":"https:\/\/internettudakozo.hu\/?rest_route=\/wp\/v2\/posts\/343\/revisions"}],"predecessor-version":[{"id":345,"href":"https:\/\/internettudakozo.hu\/?rest_route=\/wp\/v2\/posts\/343\/revisions\/345"}],"wp:featuredmedia":[{"embeddable":true,"href":"https:\/\/internettudakozo.hu\/?rest_route=\/wp\/v2\/media\/341"}],"wp:attachment":[{"href":"https:\/\/internettudakozo.hu\/?rest_route=%2Fwp%2Fv2%2Fmedia&parent=343"}],"wp:term":[{"taxonomy":"category","embeddable":true,"href":"https:\/\/internettudakozo.hu\/?rest_route=%2Fwp%2Fv2%2Fcategories&post=343"},{"taxonomy":"post_tag","embeddable":true,"href":"https:\/\/internettudakozo.hu\/?rest_route=%2Fwp%2Fv2%2Ftags&post=343"}],"curies":[{"name":"wp","href":"https:\/\/api.w.org\/{rel}","templated":true}]}}