{"id":426,"date":"2026-08-28T11:11:42","date_gmt":"2026-08-28T09:11:42","guid":{"rendered":"https:\/\/internettudakozo.hu\/?p=426"},"modified":"2026-08-28T11:11:42","modified_gmt":"2026-08-28T09:11:42","slug":"europai-egeszsegbiztositasi-kartya-igenyles-online","status":"publish","type":"post","link":"https:\/\/internettudakozo.hu\/europai-egeszsegbiztositasi-kartya-igenyles-online\/","title":{"rendered":"Az eur\u00f3pai eg\u00e9szs\u00e9gbiztos\u00edt\u00e1si k\u00e1rtya ig\u00e9nyl\u00e9s online &#8211; nagyon hasznos ha utazol"},"content":{"rendered":"\n<p class=\"wp-block-paragraph\">K\u00fclf\u00f6ldi utaz\u00e1sok, nyaral\u00e1sok vagy \u00fczleti utak sor\u00e1n nagyon fontos a megfelel\u0151 eg\u00e9szs\u00e9g\u00fcgyi biztos\u00edt\u00e1s megl\u00e9te. Az Eur\u00f3pai Uni\u00f3 tag\u00e1llamaiban, valamint t\u00f6bb szomsz\u00e9dos \u00e9s partnerorsz\u00e1gban az Eur\u00f3pai Eg\u00e9szs\u00e9gbiztos\u00edt\u00e1si K\u00e1rtya (EHIC) szolg\u00e1l a magyarorsz\u00e1gi eg\u00e9szs\u00e9gbiztos\u00edt\u00e1si jogviszony igazol\u00e1s\u00e1ra. Ez a k\u00e9k sz\u00edn\u0171 okm\u00e1ny teljesen ingyenesen ig\u00e9nyelhet\u0151, \u00e9s v\u00e1ratlan betegs\u00e9g vagy baleset eset\u00e9n biztos\u00edtja a helyi \u00e1llampolg\u00e1rokkal azonos felt\u00e9tel\u0171 orvosi ell\u00e1t\u00e1st.<\/p>\n\n\n\n<h2 class=\"wp-block-heading\">Az eur\u00f3pai eg\u00e9szs\u00e9gbiztos\u00edt\u00e1si k\u00e1rtya \u00e9rv\u00e9nyess\u00e9gi k\u00f6re<\/h2>\n\n\n\n<p class=\"wp-block-paragraph\">Az Eur\u00f3pai Eg\u00e9szs\u00e9gbiztos\u00edt\u00e1si K\u00e1rtya egy olyan hivatalos, ingyenesen kiv\u00e1lthat\u00f3 m\u0171anyag okm\u00e1ny, amely igazolja a magyar eg\u00e9szs\u00e9gbiztos\u00edt\u00e1si (TB) jogviszonyt a k\u00fclf\u00f6ldi tart\u00f3zkod\u00e1s sor\u00e1n. A k\u00e1rtya els\u0151dleges c\u00e9lja, hogy egy esetleges eg\u00e9szs\u00e9g\u00fcgyi probl\u00e9ma, hirtelen megbeteged\u00e9s vagy baleset miatt az utaz\u00f3nak ne kelljen id\u0151 el\u0151tt megszak\u00edtania a tart\u00f3zkod\u00e1s\u00e1t \u00e9s hazat\u00e9rnie Magyarorsz\u00e1gra a kezel\u00e9sek elv\u00e9gz\u00e9se \u00e9rdek\u00e9ben.<\/p>\n\n\n\n<p class=\"wp-block-paragraph\">A k\u00e1rtya ter\u00fcleti hat\u00e1lya kiterjed az al\u00e1bbi r\u00e9gi\u00f3kra \u00e9s orsz\u00e1gokra \u00e1tmeneti jelleg\u0171 tart\u00f3zkod\u00e1s (p\u00e9ld\u00e1ul nyaral\u00e1s, \u00fczleti utaz\u00e1s vagy r\u00f6vid t\u00e1v\u00fa tanulm\u00e1nyok) eset\u00e9n:<\/p>\n\n\n\n<ul class=\"wp-block-list\">\n<li>Az Eur\u00f3pai Uni\u00f3 (EU) \u00f6sszes tag\u00e1llama;<\/li>\n\n\n\n<li>Az Eur\u00f3pai Gazdas\u00e1gi T\u00e9rs\u00e9g (EGT) nem EU-tag\u00e1llamai: Izland, Liechtenstein \u00e9s Norv\u00e9gia;<\/li>\n\n\n\n<li>Sv\u00e1jc;<\/li>\n\n\n\n<li>Szerbia, ahol a k\u00e9toldal\u00fa meg\u00e1llapod\u00e1s alapj\u00e1n a k\u00e1rty\u00e1val (vagy az azt helyettes\u00edt\u0151 igazol\u00e1ssal) kiz\u00e1r\u00f3lag a k\u00f6zvetlen\u00fcl \u00e9letvesz\u00e9lyes, illetve s\u00fcrg\u0151ss\u00e9gi orvosi ell\u00e1t\u00e1s vehet\u0151 ig\u00e9nybe.<\/li>\n<\/ul>\n\n\n\n<p class=\"wp-block-paragraph\">Az okm\u00e1ny beszerz\u00e9se teljesen d\u00edjmentes, kiv\u00e1lt\u00e1sa semmilyen elj\u00e1r\u00e1si illet\u00e9kkel vagy k\u00fcl\u00f6n k\u00f6lts\u00e9ggel nem j\u00e1r. R\u00f6vid t\u00e1v\u00fa utaz\u00e1sok sor\u00e1n alapvet\u0151 v\u00e9delmet ny\u00fajt, \u00edgy megl\u00e9te minden k\u00fclf\u00f6ldre k\u00e9sz\u00fcl\u0151 magyar \u00e1llampolg\u00e1r sz\u00e1m\u00e1ra kifejezetten aj\u00e1nlott \u00e9s hasznos elint\u00e9znival\u00f3.<\/p>\n\n\n\n<h2 class=\"wp-block-heading\">A k\u00e1rty\u00e1ra val\u00f3 jogosults\u00e1g felt\u00e9telei<\/h2>\n\n\n\n<p class=\"wp-block-paragraph\">Az Eur\u00f3pai Eg\u00e9szs\u00e9gbiztos\u00edt\u00e1si K\u00e1rtya ig\u00e9nyl\u00e9s\u00e9nek alapvet\u0151 el\u0151felt\u00e9tele a rendezett \u00e9s akt\u00edv magyarorsz\u00e1gi eg\u00e9szs\u00e9gbiztos\u00edt\u00e1si jogviszony. Minden olyan szem\u00e9ly jogosult a k\u00e1rtya kiv\u00e1lt\u00e1s\u00e1ra, aki a hazai jogszab\u00e1lyok \u00e9rtelm\u00e9ben eg\u00e9szs\u00e9g\u00fcgyi szolg\u00e1ltat\u00e1sra jogosult.<\/p>\n\n\n\n<p class=\"wp-block-paragraph\">A jogosulti k\u00f6rbe beletartoznak t\u00f6bbek k\u00f6z\u00f6tt:<\/p>\n\n\n\n<ul class=\"wp-block-list\">\n<li>A bejelentett alkalmazottak \u00e9s munkav\u00e1llal\u00f3k, akik ut\u00e1n a munk\u00e1ltat\u00f3 fizeti a j\u00e1rul\u00e9kokat;<\/li>\n\n\n\n<li>Az egy\u00e9ni \u00e9s t\u00e1rsas v\u00e1llalkoz\u00f3k;<\/li>\n\n\n\n<li>A nappali tagozatos tanul\u00f3k \u00e9s egyetemi hallgat\u00f3k;<\/li>\n\n\n\n<li>A nyugd\u00edjban r\u00e9szes\u00fcl\u0151k;<\/li>\n\n\n\n<li>A csal\u00e1dt\u00e1mogat\u00e1si ell\u00e1t\u00e1sokban (p\u00e9ld\u00e1ul GYES, GYED) r\u00e9szes\u00fcl\u0151k;<\/li>\n\n\n\n<li>Azok a mag\u00e1nszem\u00e9lyek, akik rendszeresen fizetik a jogszab\u00e1lyban el\u0151\u00edrt eg\u00e9szs\u00e9g\u00fcgyi szolg\u00e1ltat\u00e1si j\u00e1rul\u00e9kot.<\/li>\n<\/ul>\n\n\n\n<p class=\"wp-block-paragraph\">Gyakori t\u00e9vhit a lakoss\u00e1g k\u00f6r\u00e9ben, hogy egyetlen k\u00e1rtya elegend\u0151 az eg\u00e9sz csal\u00e1d ell\u00e1t\u00e1s\u00e1nak biztos\u00edt\u00e1s\u00e1ra az utaz\u00e1s sor\u00e1n. A val\u00f3s\u00e1gban minden utaz\u00f3 csal\u00e1dtagnak \u2013 bele\u00e9rtve a csecsem\u0151ket \u00e9s a kiskor\u00fa gyermekeket is \u2013 saj\u00e1t, n\u00e9vre sz\u00f3l\u00f3, k\u00fcl\u00f6n plasztikk\u00e1rty\u00e1val kell rendelkeznie. Az ig\u00e9nyl\u00e9st a kiskor\u00faak eset\u00e9ben a t\u00f6rv\u00e9nyes k\u00e9pvisel\u0151 ny\u00fajthatja be a megfelel\u0151 adatok megad\u00e1s\u00e1val.<\/p>\n\n\n\n<h2 class=\"wp-block-heading\">Az online ig\u00e9nyl\u00e9si folyamata<\/h2>\n\n\n\n<p class=\"wp-block-paragraph\">Az Eur\u00f3pai Eg\u00e9szs\u00e9gbiztos\u00edt\u00e1si K\u00e1rtya beszerz\u00e9s\u00e9nek leggyorsabb \u00e9s legk\u00e9nyelmesebb m\u00f3dja az elektronikus \u00fcgyint\u00e9z\u00e9s. A folyamat a Nemzeti Eg\u00e9szs\u00e9gbiztos\u00edt\u00e1si Alapkezel\u0151 (NEAK) hivatalos elektronikus \u00fcgyint\u00e9z\u00e9si fel\u00fclet\u00e9n, valamint a k\u00f6zponti k\u00f6zigazgat\u00e1si port\u00e1lon kereszt\u00fcl bonyol\u00edthat\u00f3 le.<\/p>\n\n\n\n<p class=\"wp-block-paragraph\">Az online ig\u00e9nyl\u00e9s elind\u00edt\u00e1s\u00e1hoz az al\u00e1bbiak megl\u00e9te sz\u00fcks\u00e9ges:<\/p>\n\n\n\n<ul class=\"wp-block-list\">\n<li>Akt\u00edv \u00dcgyf\u00e9lkapu+ vagy D\u00c1P (Digit\u00e1lis \u00c1llampolg\u00e1rs\u00e1g) azonos\u00edt\u00e1si fi\u00f3k;<\/li>\n\n\n\n<li>\u00c9rv\u00e9nyes magyar TAJ-sz\u00e1m;<\/li>\n\n\n\n<li>Szem\u00e9lyes azonos\u00edt\u00f3 adatok \u00e9s lakc\u00edm.<\/li>\n<\/ul>\n\n\n\n<p class=\"wp-block-paragraph\">Az online \u00fcgyint\u00e9z\u00e9s menetrendje a k\u00f6vetkez\u0151 gyakorlati l\u00e9p\u00e9sekb\u0151l \u00e1ll:<\/p>\n\n\n\n<ol class=\"wp-block-list\">\n<li><strong>Bel\u00e9p\u00e9s a fel\u00fcletre:<\/strong> Els\u0151 l\u00e9p\u00e9sk\u00e9nt a <a href=\"http:\/\/magyarorszag.hu\" target=\"_blank\" rel=\"noopener\">magyarorszag.hu<\/a> weboldalt kell felkeresni, ahol az eg\u00e9szs\u00e9g\u00fcgyi \u00fcgyint\u00e9z\u00e9si kateg\u00f3ri\u00e1ban tal\u00e1lhat\u00f3 meg a NEAK elektronikus nyomtatv\u00e1nyt\u00e1ra.<\/li>\n\n\n\n<li><strong>Elektronikus azonos\u00edt\u00e1s:<\/strong> A fel\u00fcletre t\u00f6rt\u00e9n\u0151 bejelentkez\u00e9shez az \u00dcgyf\u00e9lkapu+ vagy a D\u00c1P mobilalkalmaz\u00e1sos azonos\u00edt\u00e1st kell alkalmazni.<\/li>\n\n\n\n<li><strong>A megfelel\u0151 nyomtatv\u00e1ny kiv\u00e1laszt\u00e1sa:<\/strong> Az el\u00e9rhet\u0151 szolg\u00e1ltat\u00e1sok k\u00f6z\u00fcl az \u201eEU K\u00e1rtya ig\u00e9nyl\u00e9s\u201d megnevez\u00e9s\u0171 elektronikus \u0171rlapot kell kiv\u00e1lasztani.<\/li>\n\n\n\n<li><strong>Adatok ellen\u0151rz\u00e9se \u00e9s megad\u00e1sa:<\/strong> A rendszer automatikusan felt\u00f6lti az alapadatokat a nyilv\u00e1ntart\u00e1sb\u00f3l. Ezt k\u00f6vet\u0151en meg kell adni a TAJ-sz\u00e1mot, valamint fel\u00fcl kell vizsg\u00e1lni a post\u00e1z\u00e1si c\u00edmet. Fontos megadni azt a pontos magyarorsz\u00e1gi lakc\u00edmet vagy \u00e9rtes\u00edt\u00e9si c\u00edmet, ahov\u00e1 a k\u00fcldem\u00e9ny k\u00e9zbes\u00edt\u00e9se megt\u00f6rt\u00e9nhet.<\/li>\n\n\n\n<li><strong>K\u00e9relem bek\u00fcld\u00e9se:<\/strong> Az adatok egyeztet\u00e9se \u00e9s a nyilatkozatok elfogad\u00e1sa ut\u00e1n a k\u00e9relmet v\u00e9gleges\u00edteni \u00e9s tov\u00e1bb\u00edtani kell a hat\u00f3s\u00e1gnak.<\/li>\n<\/ol>\n\n\n\n<p class=\"wp-block-paragraph\">A sikeresen beny\u00fajtott ig\u00e9nyl\u00e9st k\u00f6vet\u0151en a NEAK legy\u00e1rtja a plasztikk\u00e1rty\u00e1t, \u00e9s d\u00edjmentesen, postai \u00faton juttatja el a megadott hazai c\u00edmre. Az \u00e1ltal\u00e1nos hat\u00f3s\u00e1gi \u00fcgyint\u00e9z\u00e9si hat\u00e1rid\u0151 \u00e9s a postai k\u00e9zbes\u00edt\u00e9s miatt a k\u00e1rtya ki\u00e1ll\u00edt\u00e1sa \u00e9s meg\u00e9rkez\u00e9se ak\u00e1r 8\u201315 napot is ig\u00e9nybe vehet, ez\u00e9rt a z\u00f6kken\u0151mentes elj\u00e1r\u00e1s \u00e9rdek\u00e9ben az ig\u00e9nyl\u00e9st \u00e9rdemes az utaz\u00e1s tervezett id\u0151pontja el\u0151tt legal\u00e1bb 2\u20133 h\u00e9ttel elind\u00edtani.<\/p>\n\n\n\n<h2 class=\"wp-block-heading\">Mehetek k\u00f3rh\u00e1zba b\u00e1rhol az EU-ban?<\/h2>\n\n\n\n<p class=\"wp-block-paragraph\">A k\u00fclf\u00f6ldi utaz\u00e1st tervez\u0151k k\u00f6r\u00e9ben gyakran felmer\u00fcl\u0151 k\u00e9rd\u00e9s, hogy mehetek k\u00f3rh\u00e1zba b\u00e1rhol az EU-ban, ha rendelkezem a k\u00e1rty\u00e1val. A v\u00e1lasz alapvet\u0151 felt\u00e9telekhez k\u00f6t\u00f6tt: a k\u00e1rtya kiz\u00e1r\u00f3lag az orvosilag sz\u00fcks\u00e9gess\u00e9 v\u00e1l\u00f3, vagyis a s\u00fcrg\u0151ss\u00e9gi jelleg\u0171 ell\u00e1t\u00e1sokra ny\u00fajt fedezetet.<\/p>\n\n\n\n<figure class=\"wp-block-image size-large\"><img loading=\"lazy\" decoding=\"async\" width=\"1200\" height=\"800\" src=\"https:\/\/internettudakozo.hu\/wp-content\/uploads\/2026\/08\/freepik-23313242.jpg\" alt=\"B\u00e1rhol mehetek k\u00f3rh\u00e1zba b\u00e1rhol az EU-ban?\" class=\"wp-image-424\" srcset=\"https:\/\/internettudakozo.hu\/wp-content\/uploads\/2026\/08\/freepik-23313242.jpg 1200w, https:\/\/internettudakozo.hu\/wp-content\/uploads\/2026\/08\/freepik-23313242-300x200.jpg 300w, https:\/\/internettudakozo.hu\/wp-content\/uploads\/2026\/08\/freepik-23313242-1024x683.jpg 1024w, https:\/\/internettudakozo.hu\/wp-content\/uploads\/2026\/08\/freepik-23313242-768x512.jpg 768w\" sizes=\"auto, (max-width: 1200px) 100vw, 1200px\" \/><\/figure>\n\n\n\n<p class=\"wp-block-paragraph\">Annak meg\u00edt\u00e9l\u00e9se, hogy egy adott eg\u00e9szs\u00e9g\u00fcgyi beavatkoz\u00e1s orvosilag sz\u00fcks\u00e9gesnek min\u0151s\u00fcl-e, mindig a helyi kezel\u0151orvos szakmai kompetenci\u00e1j\u00e1ba tartozik. A szab\u00e1lyoz\u00e1s c\u00e9lja az, hogy a beteg olyan szint\u0171 ell\u00e1t\u00e1sban r\u00e9szes\u00fclj\u00f6n, amellyel elker\u00fclhet\u0151 a tervezett utaz\u00e1s id\u0151 el\u0151tti megszak\u00edt\u00e1sa vagy a k\u00e9nyszer\u0171 hazautaz\u00e1s.<\/p>\n\n\n\n<p class=\"wp-block-paragraph\">Fontos tiszt\u00e1zni a k\u00e1rtya korl\u00e1tait is. Az okm\u00e1ny kiz\u00e1r\u00f3lag a k\u00fclf\u00f6ldi \u00e1llami, illetve a helyi k\u00f6telez\u0151 eg\u00e9szs\u00e9gbiztos\u00edt\u00e1si rendszerrel szerz\u0151d\u00e9sben \u00e1ll\u00f3 eg\u00e9szs\u00e9g\u00fcgyi szolg\u00e1ltat\u00f3kn\u00e1l haszn\u00e1lhat\u00f3 fel. Mag\u00e1norvosi ell\u00e1t\u00e1sra, mag\u00e1nklinikai kezel\u00e9sekre vagy mag\u00e1npraxisban v\u00e9gzett vizsg\u00e1latokra a k\u00e1rtya nem \u00e9rv\u00e9nyes. Ugyancsak nem haszn\u00e1lhat\u00f3 fel az okm\u00e1ny akkor, ha az utaz\u00e1s kifejezett c\u00e9lja egy k\u00fclf\u00f6ld\u00f6n tervezett orvosi kezel\u00e9s vagy m\u0171t\u00e9t ig\u00e9nybev\u00e9tele.<\/p>\n\n\n\n<h2 class=\"wp-block-heading\">A k\u00e1rtya \u00e9rv\u00e9nyess\u00e9gi ideje \u00e9s az ideiglenes igazol\u00e1s ig\u00e9nyl\u00e9se<\/h2>\n\n\n\n<p class=\"wp-block-paragraph\">Magyarorsz\u00e1gon az Eur\u00f3pai Eg\u00e9szs\u00e9gbiztos\u00edt\u00e1si K\u00e1rtya f\u0151szab\u00e1ly szerint a ki\u00e1ll\u00edt\u00e1s napj\u00e1t\u00f3l sz\u00e1m\u00edtott 36 h\u00f3napig, vagyis 3 \u00e9vig \u00e9rv\u00e9nyes. Bizonyos speci\u00e1lis esetekben \u2013 p\u00e9ld\u00e1ul ha a biztos\u00edt\u00e1si jogosults\u00e1g hat\u00e1rozott id\u0151re sz\u00f3l \u2013 az \u00e9rv\u00e9nyess\u00e9gi id\u0151 enn\u00e9l r\u00f6videbb is lehet. Az okm\u00e1ny lej\u00e1rati d\u00e1tuma a k\u00e1rtya el\u0151lapj\u00e1n vil\u00e1gosan fel van t\u00fcntetve. Amennyiben a k\u00e1rtya \u00e9rv\u00e9nyess\u00e9ge lej\u00e1rt, hasonl\u00f3an az els\u0151 ig\u00e9nyl\u00e9shez, az online elj\u00e1r\u00e1ssal b\u00e1rmikor ingyenesen ig\u00e9nyelhet\u0151 az \u00faj okm\u00e1ny.<\/p>\n\n\n\n<p class=\"wp-block-paragraph\">El\u0151fordulhatnak olyan helyzetek, amikor az utaz\u00e1sig m\u00e1r nem \u00e1ll rendelkez\u00e9sre elegend\u0151 id\u0151 a plasztikk\u00e1rtya postai k\u00e9zbes\u00edt\u00e9s\u00e9re. Ebben az esetben a rendszer lehet\u0151s\u00e9get biztos\u00edt az \u201eEur\u00f3pai Eg\u00e9szs\u00e9gbiztos\u00edt\u00e1si K\u00e1rty\u00e1t helyettes\u00edt\u0151 ideiglenes igazol\u00e1s\u201d ig\u00e9nyl\u00e9s\u00e9re.<\/p>\n\n\n\n<p class=\"wp-block-paragraph\">Ez a pap\u00edralap\u00fa igazol\u00e1s jogilag teljesen egyen\u00e9rt\u00e9k\u0171 a plasztikk\u00e1rty\u00e1val, \u00e9s ugyanolyan jogokat biztos\u00edt a k\u00fclf\u00f6ldi ell\u00e1t\u00e1s sor\u00e1n. \u00c9rv\u00e9nyess\u00e9gi ideje korl\u00e1tozott, alapesetben legfeljebb 90 napig terjedhet. Az ideiglenes igazol\u00e1s az online k\u00e9relem beny\u00fajt\u00e1s\u00e1t k\u00f6vet\u0151en azonnal let\u00f6lthet\u0151 \u00e9s kinyomtathat\u00f3, \u00edgy s\u00fcrg\u0151s indul\u00e1s eset\u00e9n is azonnali megold\u00e1st jelent az utaz\u00f3k sz\u00e1m\u00e1ra.<\/p>\n\n\n\n<h2 class=\"wp-block-heading\">Akkor nem is kell m\u00e1s biztos\u00edt\u00e1s?<\/h2>\n\n\n\n<p class=\"wp-block-paragraph\">Gyakori f\u00e9lre\u00e9rt\u00e9s, hogy az Eur\u00f3pai Eg\u00e9szs\u00e9gbiztos\u00edt\u00e1si K\u00e1rtya birtok\u00e1ban m\u00e1r nincs sz\u00fcks\u00e9g mag\u00e1n utasbiztos\u00edt\u00e1s k\u00f6t\u00e9s\u00e9re. B\u00e1r az EHIC elengedhetetlen \u00e9s rendk\u00edv\u00fcl hasznos dokumentum, a k\u00e9t v\u00e9delem jogi \u00e9s p\u00e9nz\u00fcgyi jellege jelent\u0151sen elt\u00e9r egym\u00e1st\u00f3l. Az EU-k\u00e1rtya \u00e9s a mag\u00e1n utasbiztos\u00edt\u00e1s nem helyettes\u00edti, hanem hat\u00e9konyan kieg\u00e9sz\u00edti egym\u00e1st.<\/p>\n\n\n\n<p class=\"wp-block-paragraph\">Az al\u00e1bbi szempontok vil\u00e1gosan szeml\u00e9ltetik a k\u00e9t v\u00e9delmi forma k\u00f6z\u00f6tti f\u0151bb k\u00fcl\u00f6nbs\u00e9geket:<\/p>\n\n\n\n<ul class=\"wp-block-list\">\n<li><strong>Szolg\u00e1ltat\u00f3k k\u00f6re:<\/strong> Az EHIC kiz\u00e1r\u00f3lag a k\u00fclf\u00f6ldi \u00e1llami vagy szerz\u0151d\u00f6tt eg\u00e9szs\u00e9g\u00fcgyi int\u00e9zm\u00e9nyekben \u00e9rv\u00e9nyes\u00edthet\u0151. Ezzel szemben a mag\u00e1n utasbiztos\u00edt\u00e1s a mag\u00e1norvosok, mag\u00e1nklinik\u00e1k \u00e9s mag\u00e1nk\u00f3rh\u00e1zak ell\u00e1t\u00e1si k\u00f6lts\u00e9geit is fedezi.<\/li>\n\n\n\n<li><strong>K\u00f6lts\u00e9gvisel\u00e9s \u00e9s \u00f6nr\u00e9sz:<\/strong> Az EU-k\u00e1rtya alapj\u00e1n a magyar biztos\u00edtott pontosan ugyanolyan felt\u00e9telekkel r\u00e9szes\u00fcl ell\u00e1t\u00e1sban, mint a fogad\u00f3 orsz\u00e1g \u00e1llampolg\u00e1rai. Ez azt jelenti, hogy ha az adott orsz\u00e1gban t\u00f6rv\u00e9nyi \u00f6nr\u00e9sz, vizitd\u00edj vagy k\u00f3rh\u00e1zi napid\u00edj terheli a betegeket, azt a magyar utaz\u00f3nak is ki kell fizetnie saj\u00e1t zsebb\u0151l. A mag\u00e1n utasbiztos\u00edt\u00e1s ezzel szemben megt\u00e9r\u00edti ezeket az \u00f6nr\u00e9szeket, valamint a gy\u00f3gyszerek \u00e9s gy\u00f3gy\u00e1szati seg\u00e9deszk\u00f6z\u00f6k \u00e1r\u00e1t is.<\/li>\n\n\n\n<li><strong>Ment\u00e9s \u00e9s hazasz\u00e1ll\u00edt\u00e1s:<\/strong> Az EHIC nem terjed ki a speci\u00e1lis ment\u00e9si feladatokra \u2013 mint p\u00e9ld\u00e1ul a s\u00edbalesetekn\u00e9l vagy hegyi t\u00far\u00e1kn\u00e1l sz\u00fcks\u00e9ges helikopteres kutat\u00e1s-ment\u00e9s \u2013, \u00e9s nem \u00e1llja a beteg Magyarorsz\u00e1gra t\u00f6rt\u00e9n\u0151 hazasz\u00e1ll\u00edt\u00e1s\u00e1nak k\u00f6lts\u00e9geit sem. A mag\u00e1n utasbiztos\u00edt\u00e1sok alapvet\u0151 eleme a ment\u00e9s \u00e9s a betegsz\u00e1ll\u00edt\u00e1s teljes k\u00f6r\u0171 finansz\u00edroz\u00e1sa.<\/li>\n\n\n\n<li><strong>Egy\u00e9b vagyoni k\u00e1rok:<\/strong> Az EU-k\u00e1rtya kiz\u00e1r\u00f3lag eg\u00e9szs\u00e9g\u00fcgyi ell\u00e1t\u00e1sra vonatkozik. Az utasbiztos\u00edt\u00e1sok ugyanakkor fedezetet ny\u00fajtanak a poggy\u00e1szk\u00e1rokra, a j\u00e1ratk\u00e9s\u00e9sekre, a felel\u0151ss\u00e9gbiztos\u00edt\u00e1si esem\u00e9nyekre \u00e9s a jogi seg\u00edts\u00e9gny\u00fajt\u00e1sra is.<\/li>\n<\/ul>\n\n\n\n<p class=\"wp-block-paragraph\">Az ide\u00e1lis biztons\u00e1gi strat\u00e9gia k\u00fclf\u00f6ldi utaz\u00e1s el\u0151tt az, hogy az utaz\u00f3 kiv\u00e1ltja az ingyenes Eur\u00f3pai Eg\u00e9szs\u00e9gbiztos\u00edt\u00e1si K\u00e1rty\u00e1t, \u00e9s emellett az utaz\u00e1s jelleg\u00e9hez m\u00e9rten szem\u00e9lyre szabott mag\u00e1n utasbiztos\u00edt\u00e1st is k\u00f6t.<\/p>\n","protected":false},"excerpt":{"rendered":"<p>K\u00fclf\u00f6ldi utaz\u00e1sok, nyaral\u00e1sok vagy \u00fczleti utak sor\u00e1n nagyon fontos a megfelel\u0151 eg\u00e9szs\u00e9g\u00fcgyi biztos\u00edt\u00e1s megl\u00e9te. Az\u2026<\/p>\n","protected":false},"author":1,"featured_media":425,"comment_status":"closed","ping_status":"closed","sticky":false,"template":"","format":"standard","meta":{"footnotes":""},"categories":[7],"tags":[11,20,21,22,12,13,14,15,16,17,18,19],"class_list":["post-426","post","type-post","status-publish","format-standard","has-post-thumbnail","hentry","category-mindennapok-tippjei","tag-11","tag-20","tag-21","tag-22","tag-12","tag-13","tag-14","tag-15","tag-16","tag-17","tag-18","tag-19"],"_links":{"self":[{"href":"https:\/\/internettudakozo.hu\/?rest_route=\/wp\/v2\/posts\/426","targetHints":{"allow":["GET"]}}],"collection":[{"href":"https:\/\/internettudakozo.hu\/?rest_route=\/wp\/v2\/posts"}],"about":[{"href":"https:\/\/internettudakozo.hu\/?rest_route=\/wp\/v2\/types\/post"}],"author":[{"embeddable":true,"href":"https:\/\/internettudakozo.hu\/?rest_route=\/wp\/v2\/users\/1"}],"replies":[{"embeddable":true,"href":"https:\/\/internettudakozo.hu\/?rest_route=%2Fwp%2Fv2%2Fcomments&post=426"}],"version-history":[{"count":2,"href":"https:\/\/internettudakozo.hu\/?rest_route=\/wp\/v2\/posts\/426\/revisions"}],"predecessor-version":[{"id":428,"href":"https:\/\/internettudakozo.hu\/?rest_route=\/wp\/v2\/posts\/426\/revisions\/428"}],"wp:featuredmedia":[{"embeddable":true,"href":"https:\/\/internettudakozo.hu\/?rest_route=\/wp\/v2\/media\/425"}],"wp:attachment":[{"href":"https:\/\/internettudakozo.hu\/?rest_route=%2Fwp%2Fv2%2Fmedia&parent=426"}],"wp:term":[{"taxonomy":"category","embeddable":true,"href":"https:\/\/internettudakozo.hu\/?rest_route=%2Fwp%2Fv2%2Fcategories&post=426"},{"taxonomy":"post_tag","embeddable":true,"href":"https:\/\/internettudakozo.hu\/?rest_route=%2Fwp%2Fv2%2Ftags&post=426"}],"curies":[{"name":"wp","href":"https:\/\/api.w.org\/{rel}","templated":true}]}}